{"id":1730,"date":"2019-07-13T19:37:56","date_gmt":"2019-07-13T19:37:56","guid":{"rendered":"http:\/\/datasyncsoftware.com.br\/blog\/?p=1730"},"modified":"2019-07-13T19:37:56","modified_gmt":"2019-07-13T19:37:56","slug":"lancamento-do-aplicativo-preco-da-hora","status":"publish","type":"post","link":"http:\/\/ds5.com.br\/blog\/index.php\/2019\/07\/13\/lancamento-do-aplicativo-preco-da-hora\/","title":{"rendered":"Lan\u00e7amento do Aplicativo: Pre\u00e7o da Hora"},"content":{"rendered":"<div>O governador da para\u00edba Jo\u00e3o Azev\u00eado lan\u00e7ou, nesta sexta-feira (28), no Pal\u00e1cio da Reden\u00e7\u00e3o, em Jo\u00e3o Pessoa, o aplicativo \u2018Pre\u00e7o da Hora\u2019;<\/div>\n<div>O aplicativo \u2018Pre\u00e7o da Hora\u2019 possibilita aos consumidores paraibanos e aos gestores p\u00fablicos consultar, em tempo real, o pre\u00e7o de quase um milh\u00e3o de itens comercializados em 121.590 estabelecimentos distribu\u00eddos nos 223 munic\u00edpios paraibanos.<br \/>\nO aplicativo \u00e9 uma ferramenta de transpar\u00eancia que poder\u00e1 ser baixado em smartphones nos sistemas IOS e Android.<\/div>\n<div>Para informa\u00e7\u00f5es detalhadas sobre o aplicativo, seu uso e etc, deve-se consultar o FAQ dispon\u00edvel da aplica\u00e7\u00e3o: <a href=\"https:\/\/precodahora.pb.gov.br\/faq\">https:\/\/precodahora.pb.gov.br\/faq<\/a><\/div>\n<div><\/div>\n<div><em>\u201cEsse dispositivo vai gerar uma verdadeira revolu\u00e7\u00e3o na vida das pessoas e tamb\u00e9m dos fornecedores e comerciantes que, diante de uma situa\u00e7\u00e3o como essa, come\u00e7ar\u00e3o a se preocupar com os pre\u00e7os que praticam; daqui a alguns meses, teremos uma mudan\u00e7a no perfil de consumo e\u00a0 na distribui\u00e7\u00e3o de produtos\u201d<\/em><br \/>\nJo\u00e3o Azev\u00eado, Governador.<\/div>\n<div><\/div>\n<div><em>\u201cO Estado transmite dados que eram de dom\u00ednio exclusivo da Secretaria da Fazenda e agora n\u00f3s temos a capacidade de dizer quem vende mais barato para a popula\u00e7\u00e3o de forma direta.&#8221;<\/em><br \/>\nArn\u00f3bio Viana, Presidente do TCE.<\/div>\n<div><\/div>\n<div>Postagem oficial sobre o lan\u00e7amento do aplicativo: <a href=\"https:\/\/paraiba.pb.gov.br\/noticias\/preco-da-hora-joao-azevedo-lanca-aplicativo-de-consulta-de-precos-de-produtos\">https:\/\/paraiba.pb.gov.br\/noticias\/preco-da-hora-joao-azevedo-lanca-aplicativo-de-consulta-de-precos-de-produtos<\/a><\/div>\n","protected":false},"excerpt":{"rendered":"<p>O governador da para\u00edba Jo\u00e3o Azev\u00eado lan\u00e7ou, nesta sexta-feira (28), no Pal\u00e1cio da Reden\u00e7\u00e3o, em Jo\u00e3o Pessoa, o aplicativo \u2018Pre\u00e7o da Hora\u2019; O aplicativo \u2018Pre\u00e7o da Hora\u2019 possibilita aos consumidores paraibanos e aos gestores p\u00fablicos consultar, em tempo real, o pre\u00e7o de quase um milh\u00e3o de itens comercializados em 121.590 estabelecimentos distribu\u00eddos nos 223 munic\u00edpios [&hellip;]<\/p>\n","protected":false},"author":2,"featured_media":1733,"comment_status":"closed","ping_status":"open","sticky":false,"template":"","format":"standard","meta":[],"categories":[47],"tags":[140,118,85,115,50,114,141,60,54],"_links":{"self":[{"href":"http:\/\/ds5.com.br\/blog\/index.php\/wp-json\/wp\/v2\/posts\/1730"}],"collection":[{"href":"http:\/\/ds5.com.br\/blog\/index.php\/wp-json\/wp\/v2\/posts"}],"about":[{"href":"http:\/\/ds5.com.br\/blog\/index.php\/wp-json\/wp\/v2\/types\/post"}],"author":[{"embeddable":true,"href":"http:\/\/ds5.com.br\/blog\/index.php\/wp-json\/wp\/v2\/users\/2"}],"replies":[{"embeddable":true,"href":"http:\/\/ds5.com.br\/blog\/index.php\/wp-json\/wp\/v2\/comments?post=1730"}],"version-history":[{"count":0,"href":"http:\/\/ds5.com.br\/blog\/index.php\/wp-json\/wp\/v2\/posts\/1730\/revisions"}],"wp:featuredmedia":[{"embeddable":true,"href":"http:\/\/ds5.com.br\/blog\/index.php\/wp-json\/"}],"wp:attachment":[{"href":"http:\/\/ds5.com.br\/blog\/index.php\/wp-json\/wp\/v2\/media?parent=1730"}],"wp:term":[{"taxonomy":"category","embeddable":true,"href":"http:\/\/ds5.com.br\/blog\/index.php\/wp-json\/wp\/v2\/categories?post=1730"},{"taxonomy":"post_tag","embeddable":true,"href":"http:\/\/ds5.com.br\/blog\/index.php\/wp-json\/wp\/v2\/tags?post=1730"}],"curies":[{"name":"wp","href":"https:\/\/api.w.org\/{rel}","templated":true}]}}