{"id":51,"date":"2017-01-20T19:32:47","date_gmt":"2017-01-20T19:32:47","guid":{"rendered":"http:\/\/datasyncsoftware.com.br\/blog\/?p=51"},"modified":"2017-01-20T19:32:47","modified_gmt":"2017-01-20T19:32:47","slug":"notas-fiscais-eletronicas-reduzem-custos-para-as-empresas","status":"publish","type":"post","link":"http:\/\/ds5.com.br\/blog\/index.php\/2017\/01\/20\/notas-fiscais-eletronicas-reduzem-custos-para-as-empresas\/","title":{"rendered":"Notas fiscais eletr\u00f4nicas reduzem custos para as empresas."},"content":{"rendered":"<p>A Secretaria de Estado da Receita (SER) decidiu estabelecer uma pequena taxa sobre a emiss\u00e3o das notas fiscais eletr\u00f4nicas aos estabelecimentos paraibanos como forma de custear os servi\u00e7os que passaram a ser cobrados da SER-PB nas autoriza\u00e7\u00f5es dos documentos eletr\u00f4nicos pela Secretaria da Fazenda do Rio Grande do Sul (Sefaz-RS).<\/p>\n<p>\u201cN\u00e3o seria justo que reca\u00edsse sobre toda popula\u00e7\u00e3o paraibana a responsabilidade de pagar por uma despesa que beneficia apenas os comerciantes que emitem Nota Fiscal de Consumidor Eletr\u00f4nica (NFC-e) ou dos demais estabelecimentos que emitem Notas Fiscais Eletr\u00f4nicas (NF-e), por esta raz\u00e3o foi criada a Taxa Trimestral de Autoriza\u00e7\u00e3o de Emiss\u00e3o de Documentos Fiscais Eletr\u00f4nicos (Lei n\u00ba 10.801\/2016)\u201d, justificou o secret\u00e1rio da Receita, Marconi Fraz\u00e3o.<\/p>\n<p><strong>Fonte:\u00a0<a href=\"https:\/\/www.receita.pb.gov.br\/ser\/announcements\/3863-notas-fiscais-eletronicas-reduzem-custos-para-as-empresas\"> Clique aqui para visualizar a mat\u00e9ria publicada.<\/a><\/strong><\/p>\n","protected":false},"excerpt":{"rendered":"<p>A Secretaria de Estado da Receita (SER) decidiu estabelecer uma pequena taxa sobre a emiss\u00e3o das notas fiscais eletr\u00f4nicas aos estabelecimentos paraibanos como forma de custear os servi\u00e7os que passaram a ser cobrados da SER-PB nas autoriza\u00e7\u00f5es dos documentos eletr\u00f4nicos pela Secretaria da Fazenda do Rio Grande do Sul (Sefaz-RS). \u201cN\u00e3o seria justo que reca\u00edsse [&hellip;]<\/p>\n","protected":false},"author":3,"featured_media":58,"comment_status":"open","ping_status":"open","sticky":false,"template":"","format":"standard","meta":[],"categories":[44],"tags":[],"_links":{"self":[{"href":"http:\/\/ds5.com.br\/blog\/index.php\/wp-json\/wp\/v2\/posts\/51"}],"collection":[{"href":"http:\/\/ds5.com.br\/blog\/index.php\/wp-json\/wp\/v2\/posts"}],"about":[{"href":"http:\/\/ds5.com.br\/blog\/index.php\/wp-json\/wp\/v2\/types\/post"}],"author":[{"embeddable":true,"href":"http:\/\/ds5.com.br\/blog\/index.php\/wp-json\/wp\/v2\/users\/3"}],"replies":[{"embeddable":true,"href":"http:\/\/ds5.com.br\/blog\/index.php\/wp-json\/wp\/v2\/comments?post=51"}],"version-history":[{"count":0,"href":"http:\/\/ds5.com.br\/blog\/index.php\/wp-json\/wp\/v2\/posts\/51\/revisions"}],"wp:featuredmedia":[{"embeddable":true,"href":"http:\/\/ds5.com.br\/blog\/index.php\/wp-json\/"}],"wp:attachment":[{"href":"http:\/\/ds5.com.br\/blog\/index.php\/wp-json\/wp\/v2\/media?parent=51"}],"wp:term":[{"taxonomy":"category","embeddable":true,"href":"http:\/\/ds5.com.br\/blog\/index.php\/wp-json\/wp\/v2\/categories?post=51"},{"taxonomy":"post_tag","embeddable":true,"href":"http:\/\/ds5.com.br\/blog\/index.php\/wp-json\/wp\/v2\/tags?post=51"}],"curies":[{"name":"wp","href":"https:\/\/api.w.org\/{rel}","templated":true}]}}